{"id":6272,"date":"2026-01-19T13:20:25","date_gmt":"2026-01-19T12:20:25","guid":{"rendered":"https:\/\/www.tupeluqueriaonline.com\/blog\/?p=6272"},"modified":"2026-01-19T13:31:13","modified_gmt":"2026-01-19T12:31:13","slug":"formacion-blondme-online-gratis-descubre-el-nuevo-color","status":"publish","type":"post","link":"https:\/\/www.tupeluqueriaonline.com\/blog\/formacion-blondme-online-gratis-descubre-el-nuevo-color\/","title":{"rendered":"Formaci\u00f3n BLONDME Online Gratis \u2013 Descubre el Nuevo Color"},"content":{"rendered":"<p>[et_pb_section fb_built=\u00bb1&#8243; _builder_version=\u00bb4.16&#8243; _module_preset=\u00bbdefault\u00bb global_colors_info=\u00bb{}\u00bb][et_pb_row _builder_version=\u00bb4.27.5&#8243; _module_preset=\u00bbdefault\u00bb custom_padding=\u00bb||3px|||\u00bb global_colors_info=\u00bb{}\u00bb][et_pb_column type=\u00bb4_4&#8243; _builder_version=\u00bb4.27.5&#8243; _module_preset=\u00bbdefault\u00bb global_colors_info=\u00bb{}\u00bb][et_pb_text _builder_version=\u00bb4.27.5&#8243; _module_preset=\u00bbdefault\u00bb min_height=\u00bb64px\u00bb custom_padding=\u00bb||27px|||\u00bb global_colors_info=\u00bb{}\u00bb]<\/p>\n<h2><strong>Formaci\u00f3n online gratuita Schwarzkopf BLONDME: descubre en primicia el nuevo BLONDME Color<\/strong><\/h2>\n<p>[\/et_pb_text][\/et_pb_column][\/et_pb_row][et_pb_row _builder_version=\u00bb4.16&#8243; _module_preset=\u00bb_initial\u00bb custom_margin=\u00bb-135px|auto||auto||\u00bb custom_padding=\u00bb41px|||||\u00bb global_colors_info=\u00bb{}\u00bb][et_pb_column type=\u00bb4_4&#8243; _builder_version=\u00bb4.16&#8243; _module_preset=\u00bbdefault\u00bb global_colors_info=\u00bb{}\u00bb][et_pb_text _builder_version=\u00bb4.16&#8243; _module_preset=\u00bb_initial\u00bb min_height=\u00bb95px\u00bb custom_margin=\u00bb-47px|||||\u00bb custom_padding=\u00bb20px|||||\u00bb global_colors_info=\u00bb{}\u00bb]<\/p>\n<p><span style=\"font-size: medium;\">En <strong>TuPeluquer\u00edaOnline<\/strong> apostamos por la formaci\u00f3n profesional como parte fundamental del crecimiento de peluqueros y estilistas. Por eso, tenemos una gran noticia: <strong>el pr\u00f3ximo 2 de febrero organizamos junto a Schwarzkopf Professional una formaci\u00f3n online exclusiva de BLONDME<\/strong>, donde podr\u00e1s descubrir en primicia el nuevo BLONDME Color.<\/span><\/p>\n<p><span style=\"font-size: medium;\">Una oportunidad \u00fanica para actualizar conocimientos, conocer de primera mano las novedades de la marca y seguir perfeccionando tu t\u00e9cnica en trabajos de rubios, <strong>de la mano de una de las firmas l\u00edderes en coloraci\u00f3n profesional<\/strong>.<\/span><\/p>\n<p>&nbsp;<\/p>\n<p>[\/et_pb_text][\/et_pb_column][\/et_pb_row][et_pb_row _builder_version=\u00bb4.16&#8243; _module_preset=\u00bb_initial\u00bb height=\u00bb85px\u00bb custom_margin=\u00bb-64px|auto||auto||\u00bb custom_padding=\u00bb||0px|||\u00bb global_colors_info=\u00bb{}\u00bb][et_pb_column type=\u00bb4_4&#8243; _builder_version=\u00bb4.16&#8243; _module_preset=\u00bbdefault\u00bb global_colors_info=\u00bb{}\u00bb][et_pb_text _builder_version=\u00bb4.27.5&#8243; _module_preset=\u00bb_initial\u00bb min_height=\u00bb46px\u00bb custom_margin=\u00bb2px|||||\u00bb custom_padding=\u00bb||24px|||\u00bb global_colors_info=\u00bb{}\u00bb]<\/p>\n<h2><strong>\u00bfEn qu\u00e9 consiste la formaci\u00f3n BLONDME?<\/strong><\/h2>\n<p>[\/et_pb_text][et_pb_text _builder_version=\u00bb4.16&#8243; _module_preset=\u00bb_initial\u00bb global_colors_info=\u00bb{}\u00bb]<\/p>\n<p><span style=\"font-size: medium;\">Esta formaci\u00f3n est\u00e1 centrada en el universo BLONDME, la l\u00ednea experta de Schwarzkopf dise\u00f1ada espec\u00edficamente para cabellos rubios, decolorados o aclarados. Durante la sesi\u00f3n <strong>se presentar\u00e1 el nuevo BLONDME Color<\/strong>, sus innovaciones, ventajas t\u00e9cnicas y aplicaciones pr\u00e1cticas en sal\u00f3n.<\/span><\/p>\n<p><span style=\"font-size: medium;\">Ser\u00e1 una formaci\u00f3n pensada <strong>tanto para profesionales que ya trabajan con la marca como para quienes quieren conocerla en profundidad<\/strong> y ofrecer un servicio de rubios m\u00e1s avanzado, seguro y personalizado.<\/span><\/p>\n<p>&nbsp;<\/p>\n<p>[\/et_pb_text][et_pb_text _builder_version=\u00bb4.27.5&#8243; _module_preset=\u00bb_initial\u00bb min_height=\u00bb57.8px\u00bb custom_margin=\u00bb10px|||||\u00bb custom_padding=\u00bb||0px|||\u00bb global_colors_info=\u00bb{}\u00bb]<\/p>\n<h2><strong>Fecha, horarios y enlaces de acceso<\/strong><\/h2>\n<p>[\/et_pb_text][\/et_pb_column][\/et_pb_row][et_pb_row _builder_version=\u00bb4.16&#8243; _module_preset=\u00bb_initial\u00bb height=\u00bb109px\u00bb custom_padding=\u00bb||20px|||\u00bb global_colors_info=\u00bb{}\u00bb][et_pb_column type=\u00bb4_4&#8243; _builder_version=\u00bb4.16&#8243; _module_preset=\u00bbdefault\u00bb global_colors_info=\u00bb{}\u00bb][et_pb_text _builder_version=\u00bb4.16&#8243; _module_preset=\u00bb_initial\u00bb custom_margin=\u00bb13px|||||\u00bb global_colors_info=\u00bb{}\u00bb]<\/p>\n<p>La formaci\u00f3n se realizar\u00e1 el <strong>2 de febrero en formato 100 % online<\/strong>, para que puedas conectarte c\u00f3modamente desde cualquier lugar.<\/p>\n<p>Habr\u00e1 dos turnos disponibles:<\/p>\n<p><strong>Turno de ma\u00f1ana: 11:00 \u2013 12:30<\/strong><br \/><a href=\"https:\/\/teams.microsoft.com\/dl\/launcher\/launcher.html?url=%2F_%23%2Fmeet%2F31042343302626%3Fp%3D6B9PIqAuyNklbB8McH%26anon%3Dtrue&amp;type=meet&amp;deeplinkId=33b6523c-1ad8-44b8-9656-2ff0dd6be5fc&amp;directDl=true&amp;msLaunch=true&amp;enableMobilePage=true&amp;suppressPrompt=true\">Accede al turno de ma\u00f1ana aqu\u00ed<\/a><\/p>\n<p><strong>Turno de tarde: 15:00 \u2013 16:30<\/strong><br \/><a href=\"https:\/\/teams.microsoft.com\/dl\/launcher\/launcher.html?url=%2F_%23%2Fmeet%2F31696618058651%3Fp%3DpBXLCIR4tTWAIKWCKb%26anon%3Dtrue&amp;type=meet&amp;deeplinkId=f4a58fef-0837-4610-887c-82e4a2d6e4c9&amp;directDl=true&amp;msLaunch=true&amp;enableMobilePage=true&amp;suppressPrompt=true\">Accede al turno de tarde Aqu\u00ed<\/a><\/p>\n<p><strong>Formato:<\/strong> Online \u2013 Microsoft Teams<br \/><strong>Coste:<\/strong> Totalmente gratuita<br \/><strong>Dirigida a:<\/strong> Toda nuestra base de clientes y profesionales del sector<\/p>\n<p>[\/et_pb_text][et_pb_text _builder_version=\u00bb4.27.4&#8243; _module_preset=\u00bb_initial\u00bb min_height=\u00bb59px\u00bb custom_margin=\u00bb43px|||||\u00bb global_colors_info=\u00bb{}\u00bb]<\/p>\n<h2><strong>\u00bfPor qu\u00e9 no deber\u00edas perd\u00e9rtela?<\/strong><\/h2>\n<p>[\/et_pb_text][et_pb_text _builder_version=\u00bb4.27.4&#8243; _module_preset=\u00bb_initial\u00bb min_height=\u00bb85px\u00bb custom_padding=\u00bb||25px|||\u00bb global_colors_info=\u00bb{}\u00bb]<\/p>\n<ul>\n<li><span style=\"font-size: medium;\">Conocer\u00e1s en primicia el nuevo <strong>BLONDME Color.<\/strong><\/span><br \/><span style=\"font-size: medium;\"><\/span><\/li>\n<li><span style=\"font-size: medium;\"><strong>Actualizar\u00e1s tus conocimientos<\/strong> en rubios y t\u00e9cnicas de color.<\/span><br \/><span style=\"font-size: medium;\"><\/span><\/li>\n<li><span style=\"font-size: medium;\"><strong>Descubrir\u00e1s las \u00faltimas innovaciones<\/strong> de Schwarzkopf Professional.<\/span><br \/><span style=\"font-size: medium;\"><\/span><\/li>\n<li><span style=\"font-size: medium;\">Formaci\u00f3n <strong>online, gratuita y accesible.<\/strong><\/span><br \/><span style=\"font-size: medium;\"><\/span><\/li>\n<li><span style=\"font-size: medium;\">Ideal para <strong>mejorar tus servicios y diferenciarte<\/strong> como profesional.<\/span><\/li>\n<\/ul>\n<p>[\/et_pb_text][\/et_pb_column][\/et_pb_row][et_pb_row _builder_version=\u00bb4.16&#8243; _module_preset=\u00bb_initial\u00bb custom_padding=\u00bb||23px|||\u00bb global_colors_info=\u00bb{}\u00bb][et_pb_column type=\u00bb4_4&#8243; admin_label=\u00bbColumna\u00bb _builder_version=\u00bb4.16&#8243; _module_preset=\u00bbdefault\u00bb global_colors_info=\u00bb{}\u00bb][et_pb_text _builder_version=\u00bb4.16&#8243; _module_preset=\u00bb_initial\u00bb min_height=\u00bb47px\u00bb custom_padding=\u00bb||2px|||\u00bb global_colors_info=\u00bb{}\u00bb]<\/p>\n<h2><strong>\u00a1No te pierdas esta formaci\u00f3n!<\/strong><\/h2>\n<p>[\/et_pb_text][et_pb_text _builder_version=\u00bb4.16&#8243; _module_preset=\u00bb_initial\u00bb custom_margin=\u00bb6px||40px|||\u00bb custom_padding=\u00bb||14px|||\u00bb global_colors_info=\u00bb{}\u00bb]<\/p>\n<p><span style=\"font-size: medium;\">En TuPeluquer\u00edaOnline creemos que l<strong>a formaci\u00f3n continua es clave para ofrecer servicios de calidad, innovar y crecer como profesional.<\/strong><\/span><\/p>\n<p><span style=\"font-size: medium;\">\u00a1Esta formaci\u00f3n con Schwarzkopf BLONDME es una oportunidad perfecta para seguir evolucionando y dominar las \u00faltimas tendencias en rubios!<\/span><\/p>\n<p><span style=\"font-size: medium;\"><strong>Reserva la fecha y no te quedes sin tu plaza<\/strong>.<\/span><\/p>\n<p>[\/et_pb_text][\/et_pb_column][\/et_pb_row][\/et_pb_section]<\/p>\n","protected":false},"excerpt":{"rendered":"<p>Formaci\u00f3n online gratuita Schwarzkopf BLONDME: descubre en primicia el nuevo BLONDME ColorEn TuPeluquer\u00edaOnline apostamos por la formaci\u00f3n profesional como parte fundamental del crecimiento de peluqueros y estilistas. Por eso, tenemos una gran noticia: el pr\u00f3ximo 2 de febrero organizamos junto a Schwarzkopf Professional una formaci\u00f3n online exclusiva de BLONDME, donde podr\u00e1s descubrir en primicia el [&hellip;]<\/p>\n","protected":false},"author":2,"featured_media":6273,"comment_status":"open","ping_status":"open","sticky":false,"template":"","format":"standard","meta":{"_et_pb_use_builder":"on","_et_pb_old_content":"","_et_gb_content_width":"","footnotes":""},"categories":[147,22,1],"tags":[],"class_list":["post-6272","post","type-post","status-publish","format-standard","has-post-thumbnail","hentry","category-coloracion","category-novedades","category-sin-categoria"],"aioseo_notices":[],"featured_media_src_url":"https:\/\/www.tupeluqueriaonline.com\/blog\/wp-content\/uploads\/2026\/01\/banner-blog-de-formacion-schwatzkopf.jpg","_links":{"self":[{"href":"https:\/\/www.tupeluqueriaonline.com\/blog\/wp-json\/wp\/v2\/posts\/6272","targetHints":{"allow":["GET"]}}],"collection":[{"href":"https:\/\/www.tupeluqueriaonline.com\/blog\/wp-json\/wp\/v2\/posts"}],"about":[{"href":"https:\/\/www.tupeluqueriaonline.com\/blog\/wp-json\/wp\/v2\/types\/post"}],"author":[{"embeddable":true,"href":"https:\/\/www.tupeluqueriaonline.com\/blog\/wp-json\/wp\/v2\/users\/2"}],"replies":[{"embeddable":true,"href":"https:\/\/www.tupeluqueriaonline.com\/blog\/wp-json\/wp\/v2\/comments?post=6272"}],"version-history":[{"count":4,"href":"https:\/\/www.tupeluqueriaonline.com\/blog\/wp-json\/wp\/v2\/posts\/6272\/revisions"}],"predecessor-version":[{"id":6278,"href":"https:\/\/www.tupeluqueriaonline.com\/blog\/wp-json\/wp\/v2\/posts\/6272\/revisions\/6278"}],"wp:featuredmedia":[{"embeddable":true,"href":"https:\/\/www.tupeluqueriaonline.com\/blog\/wp-json\/wp\/v2\/media\/6273"}],"wp:attachment":[{"href":"https:\/\/www.tupeluqueriaonline.com\/blog\/wp-json\/wp\/v2\/media?parent=6272"}],"wp:term":[{"taxonomy":"category","embeddable":true,"href":"https:\/\/www.tupeluqueriaonline.com\/blog\/wp-json\/wp\/v2\/categories?post=6272"},{"taxonomy":"post_tag","embeddable":true,"href":"https:\/\/www.tupeluqueriaonline.com\/blog\/wp-json\/wp\/v2\/tags?post=6272"}],"curies":[{"name":"wp","href":"https:\/\/api.w.org\/{rel}","templated":true}]}}