{"id":5588,"date":"2023-05-19T13:10:45","date_gmt":"2023-05-19T12:10:45","guid":{"rendered":"https:\/\/www.tupeluqueriaonline.com\/blog\/?p=5588"},"modified":"2023-05-19T14:55:46","modified_gmt":"2023-05-19T13:55:46","slug":"consejos-para-cuidar-tu-cabello-este-verano","status":"publish","type":"post","link":"https:\/\/www.tupeluqueriaonline.com\/blog\/consejos-para-cuidar-tu-cabello-este-verano\/","title":{"rendered":"Consejos para cuidar tu cabello este verano"},"content":{"rendered":"<p>[et_pb_section fb_built=\u00bb1&#8243; _builder_version=\u00bb4.9.4&#8243; _module_preset=\u00bbdefault\u00bb custom_padding=\u00bb9px||0px|||\u00bb][et_pb_row _builder_version=\u00bb4.9.4&#8243; _module_preset=\u00bbdefault\u00bb custom_padding=\u00bb6px|||||\u00bb][et_pb_column type=\u00bb4_4&#8243; _builder_version=\u00bb4.9.4&#8243; _module_preset=\u00bbdefault\u00bb][et_pb_text _builder_version=\u00bb4.9.4&#8243; _module_preset=\u00bbdefault\u00bb min_height=\u00bb154.8px\u00bb custom_margin=\u00bb||-34px|||\u00bb custom_padding=\u00bb||0px|||\u00bb]<\/p>\n<p><span style=\"font-weight: 400;\"><span style=\"font-size: xx-large; color: #666666;\"><strong>E<\/strong><\/span>l verano est\u00e1 a la vuelta de la esquina y en lo \u00fanico que empezamos a pensar es en disfrutar de esos meses de calorcito y del sol que tanto nos gustan. Sin embargo, a veces<strong> no somos conscientes del da\u00f1o<\/strong> que podemos causar a <strong>nuestro cabello<\/strong> tras varias <strong>exposiciones al sol, al agua del mar, a las piscinas\u2026<\/strong><\/span><\/p>\n<p><span style=\"font-weight: 400;\">Y por ello hoy te traemos algunos <strong>consejos y <em>tips<\/em><\/strong> r\u00e1pidos para que no tengas que preocuparte y puedas disfrutar a\u00fan m\u00e1s del verano que tanto estabas esperando.<\/span><\/p>\n<p>&nbsp;<\/p>\n<p>[\/et_pb_text][\/et_pb_column][\/et_pb_row][et_pb_row _builder_version=\u00bb4.9.4&#8243; _module_preset=\u00bbdefault\u00bb custom_padding=\u00bb6px|||||\u00bb][et_pb_column type=\u00bb4_4&#8243; _builder_version=\u00bb4.9.4&#8243; _module_preset=\u00bbdefault\u00bb][et_pb_text _builder_version=\u00bb4.9.4&#8243; _module_preset=\u00bbdefault\u00bb min_height=\u00bb235.8px\u00bb custom_margin=\u00bb||-94px|||\u00bb custom_padding=\u00bb||0px|||\u00bb]<\/p>\n<p><span style=\"text-decoration: underline; color: #b574e8;\"><span style=\"font-size: medium;\"><b>1. <\/b><span style=\"color: #666666; text-decoration: underline;\"><strong>Prepara<\/strong> tu cabello para el verano<\/span><\/span><\/span><\/p>\n<p><span style=\"text-decoration: underline; color: #b574e8;\"><span style=\"font-size: medium;\"><strong>2. <span style=\"color: #666666; text-decoration: underline;\">Enjuaga<\/span><\/strong><span style=\"color: #666666; text-decoration: underline;\"> tu cabello con agua fr\u00eda<\/span><\/span><\/span><\/p>\n<p><span style=\"text-decoration: underline; color: #b574e8;\"><span style=\"font-size: medium;\"><strong>3. <span style=\"color: #666666; text-decoration: underline;\">Protector<\/span><\/strong><span style=\"color: #666666; text-decoration: underline;\"> solar para el cabello<\/span><\/span><\/span><\/p>\n<p><span style=\"text-decoration: underline; color: #b574e8;\"><span style=\"font-size: medium;\"><strong>4. <span style=\"color: #666666; text-decoration: underline;\">Hidrataci\u00f3n<\/span><\/strong><span style=\"color: #666666; text-decoration: underline;\"> despu\u00e9s de la exposici\u00f3n solar<\/span><\/span><\/span><\/p>\n<p><span style=\"text-decoration: underline; color: #b574e8;\"><span style=\"font-size: medium;\"><strong>5. <span style=\"color: #666666; text-decoration: underline;\">Hidrata<\/span><\/strong><span style=\"color: #666666; text-decoration: underline;\"> tu cabello en cada lavado<\/span><\/span><\/span><\/p>\n<p>&nbsp;<\/p>\n<p>[\/et_pb_text][\/et_pb_column][\/et_pb_row][et_pb_row _builder_version=\u00bb4.9.4&#8243; _module_preset=\u00bbdefault\u00bb custom_padding=\u00bb||11px|||\u00bb][et_pb_column type=\u00bb4_4&#8243; _builder_version=\u00bb4.9.4&#8243; _module_preset=\u00bbdefault\u00bb][et_pb_text _builder_version=\u00bb4.9.4&#8243; _module_preset=\u00bbdefault\u00bb custom_padding=\u00bb46px||0px|||\u00bb]<\/p>\n<h1 style=\"text-align: left;\"><span style=\"color: #666666;\"><strong><span style=\"color: #b574e8;\">1.<\/span> Prepara tu cabello para el verano<\/strong><\/span><\/h1>\n<p>[\/et_pb_text][\/et_pb_column][\/et_pb_row][et_pb_row _builder_version=\u00bb4.9.4&#8243; _module_preset=\u00bbdefault\u00bb custom_padding=\u00bb6px|||||\u00bb][et_pb_column type=\u00bb4_4&#8243; _builder_version=\u00bb4.9.4&#8243; _module_preset=\u00bbdefault\u00bb][et_pb_text _builder_version=\u00bb4.9.4&#8243; _module_preset=\u00bbdefault\u00bb custom_margin=\u00bb||-34px|||\u00bb custom_padding=\u00bb||0px|||\u00bb]<\/p>\n<p><span style=\"font-weight: 400;\"><span style=\"font-size: xx-large; color: #666666;\"><strong>S<\/strong><span style=\"font-size: medium;\">i<\/span><\/span> tu cabello <strong>ya est\u00e1 da\u00f1ado<\/strong> y quieres comenzar el verano con buen pie, lleva a cabo un <strong>tratamiento<\/strong> para reparar en profundidad tu melena \u00a1y lucirla como es debido! No hay nada mejor que notar como tu cabello comienza a recuperar su <strong>brillo, su hidrataci\u00f3n y su fuerza<\/strong>, para conseguirlo te recomendamos que te hagas con un<strong> kit reparador todo en uno<\/strong> para que todos los productos que utilices en tu cabello sean de la misma marca y gama.<\/span><\/p>\n<p>&nbsp;<\/p>\n<p>[\/et_pb_text][\/et_pb_column][\/et_pb_row][et_pb_row column_structure=\u00bb1_2,1_2&#8243; _builder_version=\u00bb4.9.4&#8243; _module_preset=\u00bbdefault\u00bb custom_margin=\u00bb|auto|-45px|auto||\u00bb][et_pb_column type=\u00bb1_2&#8243; _builder_version=\u00bb4.9.4&#8243; _module_preset=\u00bbdefault\u00bb][et_pb_image src=\u00bbhttps:\/\/www.tupeluqueriaonline.com\/blog\/wp-content\/uploads\/2023\/05\/Screenshot_1.jpg\u00bb title_text=\u00bbScreenshot_1&#8243; _builder_version=\u00bb4.9.4&#8243; _module_preset=\u00bbdefault\u00bb custom_margin=\u00bb-29px|||||\u00bb custom_padding=\u00bb0px|||||\u00bb][\/et_pb_image][\/et_pb_column][et_pb_column type=\u00bb1_2&#8243; _builder_version=\u00bb4.9.4&#8243; _module_preset=\u00bbdefault\u00bb][et_pb_text _builder_version=\u00bb4.9.4&#8243; _module_preset=\u00bbdefault\u00bb custom_padding=\u00bb0px|||||\u00bb]<\/p>\n<p><span style=\"font-size: 14px; color: #b574e8;\"><b>PACKS REPARADORES<\/b><\/span><\/p>\n<p><span style=\"font-size: 14px;\">Uno de nuestros packs reparadores favoritos son sin duda la s\u00faper novedad de <a href=\"https:\/\/www.tupeluqueriaonline.com\/anea-techline-deep-repair-pack-champumascarilla-p-18468.html\"><span style=\"text-decoration: underline;\"><strong>Anea Techline; Deep Repair Pack de Champ\u00fa + Mascarilla.<\/strong><\/span><\/a><\/span><\/p>\n<p>O el maravilloso cofre de <a href=\"https:\/\/www.tupeluqueriaonline.com\/loreal-cofre-absolut-repair-champu-mascarilla-p-18240.html\"><span style=\"text-decoration: underline;\"><strong>L&#8217;Oreal; Absolut Repair Pack de Champ\u00fa + Mascarilla.\u00a0<\/strong><\/span><\/a><\/p>\n<h5 class=\"Title\"><\/h5>\n<p>[\/et_pb_text][\/et_pb_column][\/et_pb_row][et_pb_row _builder_version=\u00bb4.9.4&#8243; _module_preset=\u00bbdefault\u00bb][et_pb_column type=\u00bb4_4&#8243; _builder_version=\u00bb4.9.4&#8243; _module_preset=\u00bbdefault\u00bb][et_pb_image src=\u00bbhttps:\/\/www.tupeluqueriaonline.com\/blog\/wp-content\/uploads\/2023\/05\/1.jpg\u00bb title_text=\u00bb1&#8243; _builder_version=\u00bb4.9.4&#8243; _module_preset=\u00bbdefault\u00bb custom_padding=\u00bb0px|||||\u00bb][\/et_pb_image][\/et_pb_column][\/et_pb_row][et_pb_row _builder_version=\u00bb4.9.4&#8243; _module_preset=\u00bbdefault\u00bb min_height=\u00bb242.4px\u00bb custom_padding=\u00bb6px|||||\u00bb][et_pb_column type=\u00bb4_4&#8243; _builder_version=\u00bb4.9.4&#8243; _module_preset=\u00bbdefault\u00bb][et_pb_text _builder_version=\u00bb4.9.4&#8243; _module_preset=\u00bbdefault\u00bb custom_padding=\u00bb8px|||||\u00bb]<\/p>\n<h1 style=\"text-align: left;\"><span style=\"color: #666666;\"><strong><span style=\"color: #b574e8;\">2.<\/span> Enjuaga tu cabello con agua fr\u00eda<\/strong><\/span><\/h1>\n<p>[\/et_pb_text][et_pb_text _builder_version=\u00bb4.9.4&#8243; _module_preset=\u00bbdefault\u00bb min_height=\u00bb174px\u00bb custom_margin=\u00bb||-34px|||\u00bb custom_padding=\u00bb||0px|||\u00bb]<\/p>\n<p><span style=\"font-weight: 400;\"><span style=\"font-size: xx-large; color: #666666;\"><strong>E<\/strong><\/span><\/span><span style=\"font-weight: 400;\">ste sin duda es uno de nuestros consejos favoritos porque es uno de los m\u00e1s sencillos. <\/span><span style=\"font-size: 14px;\">A partir de ahora, te recomendamos que en cada uno de tus lavados implementes este <strong>peque\u00f1o cambio<\/strong> a tu rutina capilar; <strong>enjuaga<\/strong> tu cabello <strong>con agua fr\u00eda.<\/strong><\/span><\/p>\n<p><span style=\"font-weight: 400;\">Todo profesional lo sabe, el agua fr\u00eda <strong>mejora la circulaci\u00f3n del cuero cabelludo<\/strong> y ayuda a <strong>eliminar residuos,<\/strong> lo cual es esencial sobre todo en verano ya que nuestro cabello est\u00e1 m\u00e1s expuesto a esto. Pero tranquilos, para los que segu\u00eds queriendo ducharos con agua calentita, \u00a1no es necesario que el agua fr\u00eda est\u00e9 en todo el proceso! Simplemente es <strong>esencial el \u00faltimo aclarado<\/strong> cuando est\u00e9s a punto de salir de la ducha.<\/span><\/p>\n<p>&nbsp;<\/p>\n<p>[\/et_pb_text][\/et_pb_column][\/et_pb_row][et_pb_row _builder_version=\u00bb4.9.4&#8243; _module_preset=\u00bbdefault\u00bb custom_padding=\u00bb0px||19px|||\u00bb][et_pb_column type=\u00bb4_4&#8243; _builder_version=\u00bb4.9.4&#8243; _module_preset=\u00bbdefault\u00bb][et_pb_image src=\u00bbhttps:\/\/www.tupeluqueriaonline.com\/blog\/wp-content\/uploads\/2023\/05\/2.jpg\u00bb title_text=\u00bb2&#8243; url_new_window=\u00bbon\u00bb _builder_version=\u00bb4.9.4&#8243; _module_preset=\u00bbdefault\u00bb][\/et_pb_image][\/et_pb_column][\/et_pb_row][et_pb_row _builder_version=\u00bb4.9.4&#8243; _module_preset=\u00bbdefault\u00bb custom_margin=\u00bb-36px|auto||auto||\u00bb custom_padding=\u00bb6px|||||\u00bb][et_pb_column type=\u00bb4_4&#8243; _builder_version=\u00bb4.9.4&#8243; _module_preset=\u00bbdefault\u00bb][et_pb_text _builder_version=\u00bb4.9.4&#8243; _module_preset=\u00bbdefault\u00bb min_height=\u00bb36px\u00bb custom_padding=\u00bb36px||0px|||\u00bb]<\/p>\n<h1 style=\"text-align: left;\"><span style=\"color: #666666;\"><strong><span style=\"color: #b574e8;\">3.<\/span> Protector solar para el cabello<\/strong><\/span><\/h1>\n<p>[\/et_pb_text][et_pb_text _builder_version=\u00bb4.9.4&#8243; _module_preset=\u00bbdefault\u00bb min_height=\u00bb202px\u00bb custom_margin=\u00bb||-34px|||\u00bb custom_padding=\u00bb||0px|||\u00bb]<\/p>\n<p><span style=\"font-weight: 400;\"><span style=\"font-size: xx-large; color: #666666;\"><strong>E<\/strong><\/span><\/span><span style=\"font-weight: 400;\">stamos acostumbrados a escuchar todo el tiempo hablar sobre los <strong>protectores solares<\/strong>, un producto esencial para el verano. Pero, \u00bfsab\u00edas que tambi\u00e9n existen los<strong> protectores solares para el cabello<\/strong>? \u00a1Y son igual de importantes que los protectores solares para la piel!<\/span><\/p>\n<p><span style=\"font-weight: 400;\">Los protectores solares para el cabello te ayudar\u00e1n a <strong>reducir la sal sobre el cabello<\/strong> del mismo modo que te <strong>proteger\u00e1n de los rayos UVA.<\/strong><\/span><\/p>\n<p>&nbsp;<\/p>\n<p>[\/et_pb_text][\/et_pb_column][\/et_pb_row][et_pb_row column_structure=\u00bb1_2,1_2&#8243; _builder_version=\u00bb4.9.4&#8243; _module_preset=\u00bbdefault\u00bb][et_pb_column type=\u00bb1_2&#8243; _builder_version=\u00bb4.9.4&#8243; _module_preset=\u00bbdefault\u00bb][et_pb_image src=\u00bbhttps:\/\/www.tupeluqueriaonline.com\/blog\/wp-content\/uploads\/2023\/05\/13359.png\u00bb title_text=\u00bb13359&#8243; url=\u00bbhttps:\/\/www.tupeluqueriaonline.com\/schwarzkopf-bonacure-proteccion-solar-neceser-p-18489.html\u00bb _builder_version=\u00bb4.9.4&#8243; _module_preset=\u00bbdefault\u00bb custom_margin=\u00bb-54px|||||\u00bb custom_padding=\u00bb0px|||||\u00bb hover_enabled=\u00bb0&#8243; sticky_enabled=\u00bb0&#8243;][\/et_pb_image][\/et_pb_column][et_pb_column type=\u00bb1_2&#8243; _builder_version=\u00bb4.9.4&#8243; _module_preset=\u00bbdefault\u00bb][et_pb_text _builder_version=\u00bb4.9.4&#8243; _module_preset=\u00bbdefault\u00bb min_height=\u00bb156px\u00bb custom_padding=\u00bb||0px|||\u00bb]<\/p>\n<p><span style=\"color: #b574e8;\"><strong>PROTECTORES SOLARES PARA EL CABELLO<\/strong><\/span><\/p>\n<p><span style=\"font-weight: 400;\">Uno de nuestros favoritos es sin duda el<a href=\"https:\/\/www.tupeluqueriaonline.com\/schwarzkopf-bonacure-fluido-protector-solar-100ml-p-16917.html\"> <span style=\"text-decoration: underline;\"><strong>Protector Solar Fluido 10 en 1<\/strong><\/span> <\/a>de la l\u00ednea <strong>Bonacure de Schwarzkopf<\/strong>, el cual podr\u00e1s conseguirlo tambi\u00e9n en un incre\u00edble <a href=\"https:\/\/www.tupeluqueriaonline.com\/schwarzkopf-bonacure-proteccion-solar-neceser-p-18489.html\"><span style=\"text-decoration: underline;\"><strong>pack<\/strong><\/span><\/a> que contiene adem\u00e1s el <a href=\"https:\/\/www.tupeluqueriaonline.com\/schwarzkopf-bonacure-champu-protector-solar-200ml-p-16918.html\"><span style=\"text-decoration: underline;\"><strong>champ\u00fa<\/strong><\/span><\/a> y la <span style=\"text-decoration: underline;\"><strong>mascarilla solar.<\/strong><\/span><\/span><\/p>\n<p>[\/et_pb_text][\/et_pb_column][\/et_pb_row][et_pb_row _builder_version=\u00bb4.9.4&#8243; _module_preset=\u00bbdefault\u00bb][et_pb_column type=\u00bb4_4&#8243; _builder_version=\u00bb4.9.4&#8243; _module_preset=\u00bbdefault\u00bb][et_pb_image src=\u00bbhttps:\/\/www.tupeluqueriaonline.com\/blog\/wp-content\/uploads\/2023\/05\/3.jpg\u00bb title_text=\u00bb3&#8243; url_new_window=\u00bbon\u00bb _builder_version=\u00bb4.9.4&#8243; _module_preset=\u00bbdefault\u00bb custom_margin=\u00bb-35px|||||\u00bb custom_padding=\u00bb0px||0px|||\u00bb][\/et_pb_image][et_pb_text _builder_version=\u00bb4.9.4&#8243; _module_preset=\u00bbdefault\u00bb custom_padding=\u00bb8px|||||\u00bb]<\/p>\n<h1 style=\"text-align: left;\"><span style=\"color: #666666;\"><strong><span style=\"color: #b574e8;\">4.<\/span> Hidrata tu cabello despu\u00e9s de la exposici\u00f3n solar<\/strong><\/span><\/h1>\n<p>[\/et_pb_text][et_pb_text _builder_version=\u00bb4.9.4&#8243; _module_preset=\u00bbdefault\u00bb min_height=\u00bb202px\u00bb custom_margin=\u00bb||-34px|||\u00bb custom_padding=\u00bb||63px|||\u00bb]<\/p>\n<p><span style=\"font-weight: 400;\"><span style=\"font-size: xx-large; color: #666666;\"><strong>C<\/strong><\/span><\/span><span style=\"font-weight: 400;\">ada uno de los d\u00edas de verano es \u00fanico y nos encanta disfrutarlos al m\u00e1ximo. Pero no debemos olvidar <strong>cuidar, sanar y mimar<\/strong> nuestro cabello cada vez que lo exponemos al sol. Es por ello que te recomendamos que utilices un <strong>protector solar<\/strong> para el cabello <strong>en cada lavado<\/strong> para combatir los <strong>signos de los rayos del sol<\/strong> como la <strong>p\u00e9rdida del brillo y la sequedad.<\/strong><\/span><\/p>\n<p>&nbsp;<\/p>\n<p>[\/et_pb_text][\/et_pb_column][\/et_pb_row][et_pb_row column_structure=\u00bb1_2,1_2&#8243; _builder_version=\u00bb4.9.4&#8243; _module_preset=\u00bbdefault\u00bb][et_pb_column type=\u00bb1_2&#8243; _builder_version=\u00bb4.9.4&#8243; _module_preset=\u00bbdefault\u00bb][et_pb_image src=\u00bbhttps:\/\/www.tupeluqueriaonline.com\/blog\/wp-content\/uploads\/2023\/05\/4.jpg\u00bb title_text=\u00bb4&#8243; _builder_version=\u00bb4.9.4&#8243; _module_preset=\u00bbdefault\u00bb min_height=\u00bb295.6px\u00bb custom_margin=\u00bb-123px|104px||34px||\u00bb custom_padding=\u00bb30px|5px||||\u00bb hover_enabled=\u00bb0&#8243; url=\u00bbhttps:\/\/www.tupeluqueriaonline.com\/schwarzkopf-bonacure-champu-protector-solar-200ml-p-16918.html\u00bb sticky_enabled=\u00bb0&#8243;][\/et_pb_image][\/et_pb_column][et_pb_column type=\u00bb1_2&#8243; _builder_version=\u00bb4.9.4&#8243; _module_preset=\u00bbdefault\u00bb][et_pb_text _builder_version=\u00bb4.9.4&#8243; _module_preset=\u00bbdefault\u00bb min_height=\u00bb156px\u00bb custom_margin=\u00bb-94px|||||\u00bb custom_padding=\u00bb0px||0px|||\u00bb]<\/p>\n<p><span style=\"color: #b574e8;\"><strong>PRODUCTOS HIDRATANTES<\/strong><\/span><\/p>\n<p><span style=\"font-weight: 400;\">En este caso te recomendamos el producto ideal para la ocasi\u00f3n, un<a href=\"https:\/\/www.tupeluqueriaonline.com\/schwarzkopf-bonacure-champu-protector-solar-200ml-p-16918.html\"> <span style=\"text-decoration: underline;\"><strong>champ\u00fa 3 en 1; Schwarzkopf BC Bonacure.<\/strong><\/span> <\/a>Con esta maravilla podr\u00e1s sanar tanto tu <strong>cuero cabelludo, como tu cabello \u00a1e incluso tu piel!<\/strong> <\/span><\/p>\n<p><span style=\"font-weight: 400;\">Notar\u00e1s como el aceite de coco <strong>evita la rotura<\/strong> de tu cabello, <strong>nutre e hidrata en profundidad.<\/strong><\/span><\/p>\n<p>[\/et_pb_text][\/et_pb_column][\/et_pb_row][et_pb_row _builder_version=\u00bb4.9.4&#8243; _module_preset=\u00bbdefault\u00bb][et_pb_column type=\u00bb4_4&#8243; _builder_version=\u00bb4.9.4&#8243; _module_preset=\u00bbdefault\u00bb][et_pb_image src=\u00bbhttps:\/\/www.tupeluqueriaonline.com\/blog\/wp-content\/uploads\/2023\/05\/43.jpg\u00bb title_text=\u00bb43&#8243; _builder_version=\u00bb4.9.4&#8243; _module_preset=\u00bbdefault\u00bb custom_margin=\u00bb-31px|||||\u00bb][\/et_pb_image][et_pb_text _builder_version=\u00bb4.9.4&#8243; _module_preset=\u00bbdefault\u00bb custom_padding=\u00bb8px|||||\u00bb]<\/p>\n<h1 style=\"text-align: left;\"><span style=\"color: #666666;\"><strong><span style=\"color: #b574e8;\">5.<\/span> Hidrata tu cabello en cada lavado<\/strong><\/span><\/h1>\n<p>[\/et_pb_text][et_pb_text _builder_version=\u00bb4.9.4&#8243; _module_preset=\u00bbdefault\u00bb min_height=\u00bb202px\u00bb custom_margin=\u00bb||-34px|||\u00bb custom_padding=\u00bb||63px|||\u00bb]<\/p>\n<p><span style=\"font-weight: 400;\"><span style=\"font-size: xx-large; color: #666666;\"><strong>E<\/strong><\/span><\/span><span style=\"font-weight: 400;\">n verano, mantener tu cabello <strong>sano e hidratado<\/strong> puede resultar a veces muy<strong> complicado<\/strong> y por ello te queremos ayudar. A\u00f1ade a tu rutina de cuidado capilar los <strong>3 pasos esenciales<\/strong> en cada lavado; <strong>Champ\u00fa, Acondicionador y Mascarilla<\/strong> cuya funci\u00f3n principal sea la de <strong>hidratar en profundidad.<\/strong><\/span><\/p>\n<p>&nbsp;<\/p>\n<p>[\/et_pb_text][\/et_pb_column][\/et_pb_row][et_pb_row column_structure=\u00bb1_2,1_2&#8243; _builder_version=\u00bb4.9.4&#8243; _module_preset=\u00bbdefault\u00bb][et_pb_column type=\u00bb1_2&#8243; _builder_version=\u00bb4.9.4&#8243; _module_preset=\u00bbdefault\u00bb][et_pb_image src=\u00bbhttps:\/\/www.tupeluqueriaonline.com\/blog\/wp-content\/uploads\/2023\/05\/sebastian.jpg\u00bb title_text=\u00bbsebastian\u00bb _builder_version=\u00bb4.9.4&#8243; _module_preset=\u00bbdefault\u00bb custom_margin=\u00bb-115px|||||\u00bb custom_padding=\u00bb0px|||||\u00bb hover_enabled=\u00bb0&#8243; url=\u00bbhttps:\/\/www.tupeluqueriaonline.com\/search.php?search=hydre\u00bb sticky_enabled=\u00bb0&#8243;][\/et_pb_image][\/et_pb_column][et_pb_column type=\u00bb1_2&#8243; _builder_version=\u00bb4.9.4&#8243; _module_preset=\u00bbdefault\u00bb][et_pb_text _builder_version=\u00bb4.9.4&#8243; _module_preset=\u00bbdefault\u00bb min_height=\u00bb156px\u00bb custom_margin=\u00bb-79px|||||\u00bb custom_padding=\u00bb0px||0px|||\u00bb]<\/p>\n<p><span style=\"color: #b574e8;\"><strong>L\u00cdNEA HYDRE de SEBASTIAN<\/strong><\/span><\/p>\n<p><span style=\"font-weight: 400;\">\u00c9chale un vistazo a la l\u00ednea <a href=\"https:\/\/www.tupeluqueriaonline.com\/search.php?filtro=282&amp;categories=0&amp;search=HYDRE\"><strong>Hydre de Sebastian<\/strong><\/a>, la cual contiene todos los productos necesarios para<strong> hidratar tu cabello<\/strong> en cada lavado y cuidarlo m\u00e1s que nunca en los meses de m\u00e1s calor; <a href=\"https:\/\/www.tupeluqueriaonline.com\/sebastian-hydre-champu-hidratante-250ml-p-17759.html\"><strong>champ\u00fa<\/strong><\/a>, <a href=\"https:\/\/www.tupeluqueriaonline.com\/sebastian-hydre-acondicionador-hidratante-250ml-p-17761.html\"><strong>acondicionador<\/strong><\/a> y<a href=\"https:\/\/www.tupeluqueriaonline.com\/sebastian-hydre-mascarilla-hidratante-150ml-p-17764.html\"><strong> mascarilla<\/strong><\/a>.<\/span><\/p>\n<p>[\/et_pb_text][\/et_pb_column][\/et_pb_row][et_pb_row _builder_version=\u00bb4.9.4&#8243; _module_preset=\u00bbdefault\u00bb custom_padding=\u00bb0px|||||\u00bb][et_pb_column type=\u00bb4_4&#8243; _builder_version=\u00bb4.9.4&#8243; _module_preset=\u00bbdefault\u00bb][et_pb_image src=\u00bbhttps:\/\/www.tupeluqueriaonline.com\/blog\/wp-content\/uploads\/2023\/05\/55.jpg\u00bb title_text=\u00bb55&#8243; _builder_version=\u00bb4.9.4&#8243; _module_preset=\u00bbdefault\u00bb][\/et_pb_image][\/et_pb_column][\/et_pb_row][et_pb_row _builder_version=\u00bb4.9.4&#8243; _module_preset=\u00bbdefault\u00bb][et_pb_column type=\u00bb4_4&#8243; _builder_version=\u00bb4.9.4&#8243; _module_preset=\u00bbdefault\u00bb][et_pb_text _builder_version=\u00bb4.9.4&#8243; _module_preset=\u00bbdefault\u00bb]<\/p>\n<p style=\"text-align: center;\">Esperamos que estos consejos te sirvan para lucir una melena espectacular. \u00a1No te pierdas nuestras <strong>novedades y promociones<\/strong> de verano para que lo disfrutes a\u00fan m\u00e1s!<\/p>\n<p>[\/et_pb_text][\/et_pb_column][\/et_pb_row][et_pb_row _builder_version=\u00bb4.9.4&#8243; _module_preset=\u00bbdefault\u00bb custom_margin=\u00bb-36px|auto||auto||\u00bb][et_pb_column type=\u00bb4_4&#8243; _builder_version=\u00bb4.9.4&#8243; _module_preset=\u00bbdefault\u00bb][et_pb_button button_url=\u00bbhttps:\/\/www.tupeluqueriaonline.com\/\u00bb button_text=\u00bbDESCUBRE NUESTRAS NOVEDADES AQU\u00cd\u00bb button_alignment=\u00bbcenter\u00bb _builder_version=\u00bb4.9.4&#8243; _module_preset=\u00bbdefault\u00bb][\/et_pb_button][\/et_pb_column][\/et_pb_row][\/et_pb_section]<\/p>\n","protected":false},"excerpt":{"rendered":"<p>El verano est\u00e1 a la vuelta de la esquina y en lo \u00fanico que empezamos a pensar es en disfrutar de esos meses de calorcito y del sol que tanto nos gustan. Sin embargo, a veces no somos conscientes del da\u00f1o que podemos causar a nuestro cabello tras varias exposiciones al sol, al agua del [&hellip;]<\/p>\n","protected":false},"author":2,"featured_media":5589,"comment_status":"open","ping_status":"open","sticky":false,"template":"","format":"standard","meta":{"_et_pb_use_builder":"on","_et_pb_old_content":"","_et_gb_content_width":"","footnotes":""},"categories":[19,24],"tags":[131,62,36,173],"class_list":["post-5588","post","type-post","status-publish","format-standard","has-post-thumbnail","hentry","category-cuida-tu-cabello","category-utensilios-de-peluqueria","tag-cuidado-capilar","tag-cuidado-del-cabello","tag-cuidado-del-pelo","tag-hidratacion-cabello"],"aioseo_notices":[],"featured_media_src_url":"https:\/\/www.tupeluqueriaonline.com\/blog\/wp-content\/uploads\/2023\/05\/POSIBLEPNORTADA-1024x512.jpg","_links":{"self":[{"href":"https:\/\/www.tupeluqueriaonline.com\/blog\/wp-json\/wp\/v2\/posts\/5588","targetHints":{"allow":["GET"]}}],"collection":[{"href":"https:\/\/www.tupeluqueriaonline.com\/blog\/wp-json\/wp\/v2\/posts"}],"about":[{"href":"https:\/\/www.tupeluqueriaonline.com\/blog\/wp-json\/wp\/v2\/types\/post"}],"author":[{"embeddable":true,"href":"https:\/\/www.tupeluqueriaonline.com\/blog\/wp-json\/wp\/v2\/users\/2"}],"replies":[{"embeddable":true,"href":"https:\/\/www.tupeluqueriaonline.com\/blog\/wp-json\/wp\/v2\/comments?post=5588"}],"version-history":[{"count":11,"href":"https:\/\/www.tupeluqueriaonline.com\/blog\/wp-json\/wp\/v2\/posts\/5588\/revisions"}],"predecessor-version":[{"id":5617,"href":"https:\/\/www.tupeluqueriaonline.com\/blog\/wp-json\/wp\/v2\/posts\/5588\/revisions\/5617"}],"wp:featuredmedia":[{"embeddable":true,"href":"https:\/\/www.tupeluqueriaonline.com\/blog\/wp-json\/wp\/v2\/media\/5589"}],"wp:attachment":[{"href":"https:\/\/www.tupeluqueriaonline.com\/blog\/wp-json\/wp\/v2\/media?parent=5588"}],"wp:term":[{"taxonomy":"category","embeddable":true,"href":"https:\/\/www.tupeluqueriaonline.com\/blog\/wp-json\/wp\/v2\/categories?post=5588"},{"taxonomy":"post_tag","embeddable":true,"href":"https:\/\/www.tupeluqueriaonline.com\/blog\/wp-json\/wp\/v2\/tags?post=5588"}],"curies":[{"name":"wp","href":"https:\/\/api.w.org\/{rel}","templated":true}]}}